{"id":237448,"date":"2021-01-17T20:10:04","date_gmt":"2021-01-17T19:10:04","guid":{"rendered":"https:\/\/www.feuillerage.ch\/2021\/01\/17\/le-feuillerage-veraendert-sein-gesicht\/"},"modified":"2021-09-15T10:10:03","modified_gmt":"2021-09-15T08:10:03","slug":"le-feuillerage-veraendert-sein-gesicht","status":"publish","type":"post","link":"https:\/\/www.feuillerage.ch\/de\/2021\/01\/17\/le-feuillerage-veraendert-sein-gesicht\/","title":{"rendered":"Le Feuillerage ver\u00e4ndert sein Gesicht"},"content":{"rendered":"<p>[et_pb_section fb_built=&#8220;1&#8243; _builder_version=&#8220;3.22&#8243; custom_padding=&#8220;0|0px|54px|0px|false|false&#8220;][et_pb_row _builder_version=&#8220;3.27.1&#8243; custom_padding=&#8220;0|0px|27px|0px|false|false&#8220;][et_pb_column type=&#8220;4_4&#8243; _builder_version=&#8220;3.25&#8243; custom_padding=&#8220;|||&#8220; custom_padding__hover=&#8220;|||&#8220;][et_pb_post_title _builder_version=&#8220;3.27.1&#8243; title_level=&#8220;h2&#8243; title_font=&#8220;||||||||&#8220; title_font_size=&#8220;39px&#8220; title_line_height=&#8220;1.8em&#8220;][\/et_pb_post_title][\/et_pb_column][\/et_pb_row][et_pb_row column_structure=&#8220;2_5,3_5&#8243; _builder_version=&#8220;3.25&#8243;][et_pb_column type=&#8220;2_5&#8243; _builder_version=&#8220;3.25&#8243; custom_padding=&#8220;|||&#8220; custom_padding__hover=&#8220;|||&#8220;][et_pb_text _builder_version=&#8220;3.27.4&#8243; text_line_height=&#8220;1.3em&#8220;]<\/p>\n<div class=\"page\" title=\"Seite 2\">\n<div class=\"layoutArea\">\n<div class=\"column\">\n<div class=\"et_pb_column et_pb_column_4_4 et_pb_column_0 et_pb_css_mix_blend_mode_passthrough et-last-child\">\n<div class=\"et_pb_module et_pb_text et_pb_text_0 et_pb_bg_layout_light et_pb_text_align_left\">\n<div class=\"et_pb_text_inner\">\n<p>2017 wird ein entscheidendes Jahr im Leben unseres Anwesens gewesen sein, ein hektisches Jahr, das den Bau unseres neuen Kellers und die komplette Umgestaltung unserer Empfangsr\u00e4ume gesehen hat. Wir sind sehr zufrieden mit dem Ergebnis. Wir sind nun mit einem modernen und effizienten Arbeitsmittel ausgestattet, das unser t\u00e4gliches Leben ver\u00e4ndern wird. <\/p>\n<p>Die Ver\u00e4nderungen h\u00f6ren nicht bei der Umgestaltung unserer R\u00e4umlichkeiten auf, denn in Wirklichkeit befindet sich unser Bereich in voller Entwicklung. In der Tat haben wir im letzten Jahr 9 zus\u00e4tzliche Hektar Reben angebaut, wodurch sich die Gr\u00f6\u00dfe unseres Weinguts letztlich verdoppelt hat.<\/p>\n<p>Neue Rebst\u00f6cke bedeuten neue Rebsorten. So wird unsere Weinkarte demn\u00e4chst mit 8 neuen Weinen erweitert.<\/p>\n<p>Wir freuen uns darauf, Sie in einer nicht mehr wiederzuerkennenden Feuillerage begr\u00fc\u00dfen zu d\u00fcrfen, die Sie sicher ebenso begeistern wird wie uns.<\/p>\n<\/div>\n<\/div>\n<\/div>\n<\/div>\n<\/div>\n<\/div>\n<p>[\/et_pb_text][\/et_pb_column][et_pb_column type=&#8220;3_5&#8243; _builder_version=&#8220;3.25&#8243; custom_padding=&#8220;|||&#8220; custom_padding__hover=&#8220;|||&#8220;][et_pb_gallery gallery_ids=&#8220;237136,237134,237132,237130,237110,237128,237126,237124,237122,237120,237102,237104,237106,237108,237112,237114,237116,237118,237100,237158,237156,237154,237152,237150,237148,237146,237144,237142,237140,237138&#8243; show_title_and_caption=&#8220;off&#8220; _builder_version=&#8220;3.26.6&#8243;][\/et_pb_gallery][\/et_pb_column][\/et_pb_row][\/et_pb_section]<\/p>\n","protected":false},"excerpt":{"rendered":"<p>Im Jahr 2017 wurde die Feuillerage einer gro\u00dfen Transformation unterzogen. Entdecken Sie die Geschichte dieser Baustelle neu.<\/p>\n","protected":false},"author":2,"featured_media":236964,"comment_status":"closed","ping_status":"closed","sticky":false,"template":"","format":"standard","meta":{"_acf_changed":false,"_et_pb_use_builder":"on","_et_pb_old_content":"","_et_gb_content_width":"","footnotes":""},"categories":[110,99],"tags":[],"class_list":["post-237448","post","type-post","status-publish","format-standard","has-post-thumbnail","hentry","category-news","category-unkategorisiert"],"acf":[],"yoast_head":"<!-- This site is optimized with the Yoast SEO plugin v25.6 - https:\/\/yoast.com\/wordpress\/plugins\/seo\/ -->\n<title>Le Feuillerage ver\u00e4ndert sein Gesicht - Feuillerage Weingut<\/title>\n<meta name=\"description\" content=\"Unser Weinberg wird immer gr\u00f6\u00dfer. Wir f\u00fchren umfangreiche Arbeiten durch und stellen unsere Arbeitsmittel um.\" \/>\n<meta name=\"robots\" content=\"index, follow, max-snippet:-1, max-image-preview:large, max-video-preview:-1\" \/>\n<link rel=\"canonical\" href=\"https:\/\/www.feuillerage.ch\/de\/2021\/01\/17\/le-feuillerage-veraendert-sein-gesicht\/\" \/>\n<meta property=\"og:locale\" content=\"de_DE\" \/>\n<meta property=\"og:type\" content=\"article\" \/>\n<meta property=\"og:title\" content=\"Le Feuillerage ver\u00e4ndert sein Gesicht - Feuillerage Weingut\" \/>\n<meta property=\"og:description\" content=\"Unser Weinberg wird immer gr\u00f6\u00dfer. Wir f\u00fchren umfangreiche Arbeiten durch und stellen unsere Arbeitsmittel um.\" \/>\n<meta property=\"og:url\" content=\"https:\/\/www.feuillerage.ch\/de\/2021\/01\/17\/le-feuillerage-veraendert-sein-gesicht\/\" \/>\n<meta property=\"og:site_name\" content=\"Feuillerage Weingut\" \/>\n<meta property=\"article:publisher\" content=\"https:\/\/m.facebook.com\/feuillerage\/?ref=ts\" \/>\n<meta property=\"article:published_time\" content=\"2021-01-17T19:10:04+00:00\" \/>\n<meta property=\"article:modified_time\" content=\"2021-09-15T08:10:03+00:00\" \/>\n<meta property=\"og:image\" content=\"https:\/\/www.feuillerage.ch\/wp-content\/uploads\/2019\/01\/20157264_1088383687927896_8745351368402932232_o-1080x675.jpg\" \/>\n\t<meta property=\"og:image:width\" content=\"1080\" \/>\n\t<meta property=\"og:image:height\" content=\"675\" \/>\n\t<meta property=\"og:image:type\" content=\"image\/jpeg\" \/>\n<meta name=\"author\" content=\"admin\" \/>\n<meta name=\"twitter:card\" content=\"summary_large_image\" \/>\n<meta name=\"twitter:label1\" content=\"Verfasst von\" \/>\n\t<meta name=\"twitter:data1\" content=\"admin\" \/>\n\t<meta name=\"twitter:label2\" content=\"Gesch\u00e4tzte Lesezeit\" \/>\n\t<meta name=\"twitter:data2\" content=\"1\u00a0Minute\" \/>\n<script type=\"application\/ld+json\" class=\"yoast-schema-graph\">{\"@context\":\"https:\/\/schema.org\",\"@graph\":[{\"@type\":\"Article\",\"@id\":\"https:\/\/www.feuillerage.ch\/de\/2021\/01\/17\/le-feuillerage-veraendert-sein-gesicht\/#article\",\"isPartOf\":{\"@id\":\"https:\/\/www.feuillerage.ch\/de\/2021\/01\/17\/le-feuillerage-veraendert-sein-gesicht\/\"},\"author\":{\"name\":\"admin\",\"@id\":\"https:\/\/www.feuillerage.ch\/de\/#\/schema\/person\/ea6513eb1ec0ef8ebc6e4c6fc1c91433\"},\"headline\":\"Le Feuillerage ver\u00e4ndert sein Gesicht\",\"datePublished\":\"2021-01-17T19:10:04+00:00\",\"dateModified\":\"2021-09-15T08:10:03+00:00\",\"mainEntityOfPage\":{\"@id\":\"https:\/\/www.feuillerage.ch\/de\/2021\/01\/17\/le-feuillerage-veraendert-sein-gesicht\/\"},\"wordCount\":279,\"publisher\":{\"@id\":\"https:\/\/www.feuillerage.ch\/de\/#organization\"},\"image\":{\"@id\":\"https:\/\/www.feuillerage.ch\/de\/2021\/01\/17\/le-feuillerage-veraendert-sein-gesicht\/#primaryimage\"},\"thumbnailUrl\":\"https:\/\/www.feuillerage.ch\/wp-content\/uploads\/2019\/01\/20157264_1088383687927896_8745351368402932232_o-1080x675.jpg\",\"articleSection\":[\"News\",\"Unkategorisiert\"],\"inLanguage\":\"de\"},{\"@type\":\"WebPage\",\"@id\":\"https:\/\/www.feuillerage.ch\/de\/2021\/01\/17\/le-feuillerage-veraendert-sein-gesicht\/\",\"url\":\"https:\/\/www.feuillerage.ch\/de\/2021\/01\/17\/le-feuillerage-veraendert-sein-gesicht\/\",\"name\":\"Le Feuillerage ver\u00e4ndert sein Gesicht - Feuillerage Weingut\",\"isPartOf\":{\"@id\":\"https:\/\/www.feuillerage.ch\/de\/#website\"},\"primaryImageOfPage\":{\"@id\":\"https:\/\/www.feuillerage.ch\/de\/2021\/01\/17\/le-feuillerage-veraendert-sein-gesicht\/#primaryimage\"},\"image\":{\"@id\":\"https:\/\/www.feuillerage.ch\/de\/2021\/01\/17\/le-feuillerage-veraendert-sein-gesicht\/#primaryimage\"},\"thumbnailUrl\":\"https:\/\/www.feuillerage.ch\/wp-content\/uploads\/2019\/01\/20157264_1088383687927896_8745351368402932232_o-1080x675.jpg\",\"datePublished\":\"2021-01-17T19:10:04+00:00\",\"dateModified\":\"2021-09-15T08:10:03+00:00\",\"description\":\"Unser Weinberg wird immer gr\u00f6\u00dfer. Wir f\u00fchren umfangreiche Arbeiten durch und stellen unsere Arbeitsmittel um.\",\"breadcrumb\":{\"@id\":\"https:\/\/www.feuillerage.ch\/de\/2021\/01\/17\/le-feuillerage-veraendert-sein-gesicht\/#breadcrumb\"},\"inLanguage\":\"de\",\"potentialAction\":[{\"@type\":\"ReadAction\",\"target\":[\"https:\/\/www.feuillerage.ch\/de\/2021\/01\/17\/le-feuillerage-veraendert-sein-gesicht\/\"]}]},{\"@type\":\"ImageObject\",\"inLanguage\":\"de\",\"@id\":\"https:\/\/www.feuillerage.ch\/de\/2021\/01\/17\/le-feuillerage-veraendert-sein-gesicht\/#primaryimage\",\"url\":\"https:\/\/www.feuillerage.ch\/wp-content\/uploads\/2019\/01\/20157264_1088383687927896_8745351368402932232_o-1080x675.jpg\",\"contentUrl\":\"https:\/\/www.feuillerage.ch\/wp-content\/uploads\/2019\/01\/20157264_1088383687927896_8745351368402932232_o-1080x675.jpg\",\"width\":1080,\"height\":675},{\"@type\":\"BreadcrumbList\",\"@id\":\"https:\/\/www.feuillerage.ch\/de\/2021\/01\/17\/le-feuillerage-veraendert-sein-gesicht\/#breadcrumb\",\"itemListElement\":[{\"@type\":\"ListItem\",\"position\":1,\"name\":\"Accueil\",\"item\":\"https:\/\/www.feuillerage.ch\/de\/\"},{\"@type\":\"ListItem\",\"position\":2,\"name\":\"Le Feuillerage ver\u00e4ndert sein Gesicht\"}]},{\"@type\":\"WebSite\",\"@id\":\"https:\/\/www.feuillerage.ch\/de\/#website\",\"url\":\"https:\/\/www.feuillerage.ch\/de\/\",\"name\":\"Feuillerage Weingut\",\"description\":\"Vignerons sur la C\u00f4te vaudoise\",\"publisher\":{\"@id\":\"https:\/\/www.feuillerage.ch\/de\/#organization\"},\"potentialAction\":[{\"@type\":\"SearchAction\",\"target\":{\"@type\":\"EntryPoint\",\"urlTemplate\":\"https:\/\/www.feuillerage.ch\/de\/?s={search_term_string}\"},\"query-input\":{\"@type\":\"PropertyValueSpecification\",\"valueRequired\":true,\"valueName\":\"search_term_string\"}}],\"inLanguage\":\"de\"},{\"@type\":\"Organization\",\"@id\":\"https:\/\/www.feuillerage.ch\/de\/#organization\",\"name\":\"Domaine du Feuillerage\",\"url\":\"https:\/\/www.feuillerage.ch\/de\/\",\"logo\":{\"@type\":\"ImageObject\",\"inLanguage\":\"de\",\"@id\":\"https:\/\/www.feuillerage.ch\/de\/#\/schema\/logo\/image\/\",\"url\":\"https:\/\/www.feuillerage.ch\/wp-content\/uploads\/2019\/01\/Logo-encore-petit.png\",\"contentUrl\":\"https:\/\/www.feuillerage.ch\/wp-content\/uploads\/2019\/01\/Logo-encore-petit.png\",\"width\":2880,\"height\":1824,\"caption\":\"Domaine du Feuillerage\"},\"image\":{\"@id\":\"https:\/\/www.feuillerage.ch\/de\/#\/schema\/logo\/image\/\"},\"sameAs\":[\"https:\/\/m.facebook.com\/feuillerage\/?ref=ts\"]},{\"@type\":\"Person\",\"@id\":\"https:\/\/www.feuillerage.ch\/de\/#\/schema\/person\/ea6513eb1ec0ef8ebc6e4c6fc1c91433\",\"name\":\"admin\",\"image\":{\"@type\":\"ImageObject\",\"inLanguage\":\"de\",\"@id\":\"https:\/\/www.feuillerage.ch\/de\/#\/schema\/person\/image\/\",\"url\":\"https:\/\/secure.gravatar.com\/avatar\/1b25fb1f5c27eaab086948d20e2fe5e5?s=96&d=mm&r=g\",\"contentUrl\":\"https:\/\/secure.gravatar.com\/avatar\/1b25fb1f5c27eaab086948d20e2fe5e5?s=96&d=mm&r=g\",\"caption\":\"admin\"}}]}<\/script>\n<!-- \/ Yoast SEO plugin. -->","yoast_head_json":{"title":"Le Feuillerage ver\u00e4ndert sein Gesicht - Feuillerage Weingut","description":"Unser Weinberg wird immer gr\u00f6\u00dfer. Wir f\u00fchren umfangreiche Arbeiten durch und stellen unsere Arbeitsmittel um.","robots":{"index":"index","follow":"follow","max-snippet":"max-snippet:-1","max-image-preview":"max-image-preview:large","max-video-preview":"max-video-preview:-1"},"canonical":"https:\/\/www.feuillerage.ch\/de\/2021\/01\/17\/le-feuillerage-veraendert-sein-gesicht\/","og_locale":"de_DE","og_type":"article","og_title":"Le Feuillerage ver\u00e4ndert sein Gesicht - Feuillerage Weingut","og_description":"Unser Weinberg wird immer gr\u00f6\u00dfer. Wir f\u00fchren umfangreiche Arbeiten durch und stellen unsere Arbeitsmittel um.","og_url":"https:\/\/www.feuillerage.ch\/de\/2021\/01\/17\/le-feuillerage-veraendert-sein-gesicht\/","og_site_name":"Feuillerage Weingut","article_publisher":"https:\/\/m.facebook.com\/feuillerage\/?ref=ts","article_published_time":"2021-01-17T19:10:04+00:00","article_modified_time":"2021-09-15T08:10:03+00:00","og_image":[{"width":1080,"height":675,"url":"https:\/\/www.feuillerage.ch\/wp-content\/uploads\/2019\/01\/20157264_1088383687927896_8745351368402932232_o-1080x675.jpg","type":"image\/jpeg"}],"author":"admin","twitter_card":"summary_large_image","twitter_misc":{"Verfasst von":"admin","Gesch\u00e4tzte Lesezeit":"1\u00a0Minute"},"schema":{"@context":"https:\/\/schema.org","@graph":[{"@type":"Article","@id":"https:\/\/www.feuillerage.ch\/de\/2021\/01\/17\/le-feuillerage-veraendert-sein-gesicht\/#article","isPartOf":{"@id":"https:\/\/www.feuillerage.ch\/de\/2021\/01\/17\/le-feuillerage-veraendert-sein-gesicht\/"},"author":{"name":"admin","@id":"https:\/\/www.feuillerage.ch\/de\/#\/schema\/person\/ea6513eb1ec0ef8ebc6e4c6fc1c91433"},"headline":"Le Feuillerage ver\u00e4ndert sein Gesicht","datePublished":"2021-01-17T19:10:04+00:00","dateModified":"2021-09-15T08:10:03+00:00","mainEntityOfPage":{"@id":"https:\/\/www.feuillerage.ch\/de\/2021\/01\/17\/le-feuillerage-veraendert-sein-gesicht\/"},"wordCount":279,"publisher":{"@id":"https:\/\/www.feuillerage.ch\/de\/#organization"},"image":{"@id":"https:\/\/www.feuillerage.ch\/de\/2021\/01\/17\/le-feuillerage-veraendert-sein-gesicht\/#primaryimage"},"thumbnailUrl":"https:\/\/www.feuillerage.ch\/wp-content\/uploads\/2019\/01\/20157264_1088383687927896_8745351368402932232_o-1080x675.jpg","articleSection":["News","Unkategorisiert"],"inLanguage":"de"},{"@type":"WebPage","@id":"https:\/\/www.feuillerage.ch\/de\/2021\/01\/17\/le-feuillerage-veraendert-sein-gesicht\/","url":"https:\/\/www.feuillerage.ch\/de\/2021\/01\/17\/le-feuillerage-veraendert-sein-gesicht\/","name":"Le Feuillerage ver\u00e4ndert sein Gesicht - Feuillerage Weingut","isPartOf":{"@id":"https:\/\/www.feuillerage.ch\/de\/#website"},"primaryImageOfPage":{"@id":"https:\/\/www.feuillerage.ch\/de\/2021\/01\/17\/le-feuillerage-veraendert-sein-gesicht\/#primaryimage"},"image":{"@id":"https:\/\/www.feuillerage.ch\/de\/2021\/01\/17\/le-feuillerage-veraendert-sein-gesicht\/#primaryimage"},"thumbnailUrl":"https:\/\/www.feuillerage.ch\/wp-content\/uploads\/2019\/01\/20157264_1088383687927896_8745351368402932232_o-1080x675.jpg","datePublished":"2021-01-17T19:10:04+00:00","dateModified":"2021-09-15T08:10:03+00:00","description":"Unser Weinberg wird immer gr\u00f6\u00dfer. Wir f\u00fchren umfangreiche Arbeiten durch und stellen unsere Arbeitsmittel um.","breadcrumb":{"@id":"https:\/\/www.feuillerage.ch\/de\/2021\/01\/17\/le-feuillerage-veraendert-sein-gesicht\/#breadcrumb"},"inLanguage":"de","potentialAction":[{"@type":"ReadAction","target":["https:\/\/www.feuillerage.ch\/de\/2021\/01\/17\/le-feuillerage-veraendert-sein-gesicht\/"]}]},{"@type":"ImageObject","inLanguage":"de","@id":"https:\/\/www.feuillerage.ch\/de\/2021\/01\/17\/le-feuillerage-veraendert-sein-gesicht\/#primaryimage","url":"https:\/\/www.feuillerage.ch\/wp-content\/uploads\/2019\/01\/20157264_1088383687927896_8745351368402932232_o-1080x675.jpg","contentUrl":"https:\/\/www.feuillerage.ch\/wp-content\/uploads\/2019\/01\/20157264_1088383687927896_8745351368402932232_o-1080x675.jpg","width":1080,"height":675},{"@type":"BreadcrumbList","@id":"https:\/\/www.feuillerage.ch\/de\/2021\/01\/17\/le-feuillerage-veraendert-sein-gesicht\/#breadcrumb","itemListElement":[{"@type":"ListItem","position":1,"name":"Accueil","item":"https:\/\/www.feuillerage.ch\/de\/"},{"@type":"ListItem","position":2,"name":"Le Feuillerage ver\u00e4ndert sein Gesicht"}]},{"@type":"WebSite","@id":"https:\/\/www.feuillerage.ch\/de\/#website","url":"https:\/\/www.feuillerage.ch\/de\/","name":"Feuillerage Weingut","description":"Vignerons sur la C\u00f4te vaudoise","publisher":{"@id":"https:\/\/www.feuillerage.ch\/de\/#organization"},"potentialAction":[{"@type":"SearchAction","target":{"@type":"EntryPoint","urlTemplate":"https:\/\/www.feuillerage.ch\/de\/?s={search_term_string}"},"query-input":{"@type":"PropertyValueSpecification","valueRequired":true,"valueName":"search_term_string"}}],"inLanguage":"de"},{"@type":"Organization","@id":"https:\/\/www.feuillerage.ch\/de\/#organization","name":"Domaine du Feuillerage","url":"https:\/\/www.feuillerage.ch\/de\/","logo":{"@type":"ImageObject","inLanguage":"de","@id":"https:\/\/www.feuillerage.ch\/de\/#\/schema\/logo\/image\/","url":"https:\/\/www.feuillerage.ch\/wp-content\/uploads\/2019\/01\/Logo-encore-petit.png","contentUrl":"https:\/\/www.feuillerage.ch\/wp-content\/uploads\/2019\/01\/Logo-encore-petit.png","width":2880,"height":1824,"caption":"Domaine du Feuillerage"},"image":{"@id":"https:\/\/www.feuillerage.ch\/de\/#\/schema\/logo\/image\/"},"sameAs":["https:\/\/m.facebook.com\/feuillerage\/?ref=ts"]},{"@type":"Person","@id":"https:\/\/www.feuillerage.ch\/de\/#\/schema\/person\/ea6513eb1ec0ef8ebc6e4c6fc1c91433","name":"admin","image":{"@type":"ImageObject","inLanguage":"de","@id":"https:\/\/www.feuillerage.ch\/de\/#\/schema\/person\/image\/","url":"https:\/\/secure.gravatar.com\/avatar\/1b25fb1f5c27eaab086948d20e2fe5e5?s=96&d=mm&r=g","contentUrl":"https:\/\/secure.gravatar.com\/avatar\/1b25fb1f5c27eaab086948d20e2fe5e5?s=96&d=mm&r=g","caption":"admin"}}]}},"_links":{"self":[{"href":"https:\/\/www.feuillerage.ch\/de\/wp-json\/wp\/v2\/posts\/237448"}],"collection":[{"href":"https:\/\/www.feuillerage.ch\/de\/wp-json\/wp\/v2\/posts"}],"about":[{"href":"https:\/\/www.feuillerage.ch\/de\/wp-json\/wp\/v2\/types\/post"}],"author":[{"embeddable":true,"href":"https:\/\/www.feuillerage.ch\/de\/wp-json\/wp\/v2\/users\/2"}],"replies":[{"embeddable":true,"href":"https:\/\/www.feuillerage.ch\/de\/wp-json\/wp\/v2\/comments?post=237448"}],"version-history":[{"count":0,"href":"https:\/\/www.feuillerage.ch\/de\/wp-json\/wp\/v2\/posts\/237448\/revisions"}],"wp:featuredmedia":[{"embeddable":true,"href":"https:\/\/www.feuillerage.ch\/de\/wp-json\/wp\/v2\/media\/236964"}],"wp:attachment":[{"href":"https:\/\/www.feuillerage.ch\/de\/wp-json\/wp\/v2\/media?parent=237448"}],"wp:term":[{"taxonomy":"category","embeddable":true,"href":"https:\/\/www.feuillerage.ch\/de\/wp-json\/wp\/v2\/categories?post=237448"},{"taxonomy":"post_tag","embeddable":true,"href":"https:\/\/www.feuillerage.ch\/de\/wp-json\/wp\/v2\/tags?post=237448"}],"curies":[{"name":"wp","href":"https:\/\/api.w.org\/{rel}","templated":true}]}}