{"id":240715,"date":"2023-07-04T10:49:19","date_gmt":"2023-07-04T08:49:19","guid":{"rendered":"https:\/\/www.feuillerage.ch\/2023\/07\/04\/wir-haben-ein-neues-getraenk-hergestellt\/"},"modified":"2024-11-19T14:21:10","modified_gmt":"2024-11-19T13:21:10","slug":"wir-haben-ein-neues-getraenk-hergestellt","status":"publish","type":"post","link":"https:\/\/www.feuillerage.ch\/de\/2023\/07\/04\/wir-haben-ein-neues-getraenk-hergestellt\/","title":{"rendered":"Wir haben ein neues Getr\u00e4nk hergestellt"},"content":{"rendered":"<p>[et_pb_section fb_built=&#8220;1&#8243; _builder_version=&#8220;4.21.0&#8243; _module_preset=&#8220;default&#8220; global_colors_info=&#8220;{}&#8220;][et_pb_row _builder_version=&#8220;4.21.0&#8243; _module_preset=&#8220;default&#8220; global_colors_info=&#8220;{}&#8220;][et_pb_column type=&#8220;4_4&#8243; _builder_version=&#8220;4.21.0&#8243; _module_preset=&#8220;default&#8220; global_colors_info=&#8220;{}&#8220;][et_pb_text _builder_version=&#8220;4.21.0&#8243; _module_preset=&#8220;default&#8220; header_text_color=&#8220;#ff5701&#8243; global_colors_info=&#8220;{}&#8220;]<\/p>\n<h1>Wir haben ein neues Getr\u00e4nk hergestellt<\/h1>\n<p>[\/et_pb_text][\/et_pb_column][\/et_pb_row][et_pb_row column_structure=&#8220;1_2,1_2&#8243; _builder_version=&#8220;4.21.0&#8243; _module_preset=&#8220;default&#8220; locked=&#8220;off&#8220; global_colors_info=&#8220;{}&#8220;][et_pb_column type=&#8220;1_2&#8243; _builder_version=&#8220;4.21.0&#8243; _module_preset=&#8220;default&#8220; global_colors_info=&#8220;{}&#8220;][et_pb_text _builder_version=&#8220;4.21.0&#8243; _module_preset=&#8220;default&#8220; header_2_text_color=&#8220;#ff5701&#8243; header_2_font_size=&#8220;25px&#8220; header_2_line_height=&#8220;1.1em&#8220; custom_padding=&#8220;||0px|||&#8220; global_colors_info=&#8220;{}&#8220;]<\/p>\n<h2>La Quoi, was ist Was?<\/h2>\n<p>Das ist Bier von Doctor Gab&#8217;s, gemischt mit Traubensaft, der in den Weinbergen der Domaine du Feuillerage angebaut wird.<\/p>\n<p>[\/et_pb_text][et_pb_text _builder_version=&#8220;4.21.0&#8243; _module_preset=&#8220;default&#8220; header_text_color=&#8220;#ff5701&#8243; header_2_text_color=&#8220;#ff5701&#8243; header_2_font_size=&#8220;25px&#8220; header_2_line_height=&#8220;1.1em&#8220; custom_padding=&#8220;||0px|||&#8220; global_colors_info=&#8220;{}&#8220;]<\/p>\n<h2>Und wie sieht es aus?<\/h2>\n<p>Ein erfrischender Durstl\u00f6scher mit geringem Alkoholgehalt (3%) und einem runden, fruchtigen Geschmack, der jedoch nicht s\u00fc\u00df ist.<\/p>\n<p>[\/et_pb_text][et_pb_testimonial author=&#8220;Docteur Gab&#8217;s&#8220; job_title=&#8220;Ber\u00fchmter Brauer aus dem Waadtland&#8220; portrait_url=&#8220;https:\/\/www.feuillerage.ch\/wp-content\/uploads\/2023\/06\/creatives-docteur-gabs-rebranding-bouteilles-design-logo-jpg.webp&#8220; _builder_version=&#8220;4.21.0&#8243; _module_preset=&#8220;default&#8220; body_font=&#8220;||on||||||&#8220; body_font_size=&#8220;21px&#8220; body_line_height=&#8220;1.8em&#8220; author_text_align=&#8220;left&#8220; author_font_size=&#8220;18px&#8220; author_line_height=&#8220;1em&#8220; width=&#8220;83%&#8220; min_height=&#8220;199px&#8220; custom_margin=&#8220;0px||||false|false&#8220; custom_padding=&#8220;17px||17px||false|false&#8220; global_colors_info=&#8220;{}&#8220;]&#8220;Die Balance zwischen Bier und Traubensaft ist sehr gut gelungen. <\/p>\n<p>La Quoi gef\u00e4llt denjenigen, die vor Bitterkeit fliehen, keinen Zuckerzusatz wollen oder etwas mit geringem Alkoholgehalt suchen.&#8220;[\/et_pb_testimonial][et_pb_testimonial author=&#8220;Sarah&#8220; _builder_version=&#8220;4.21.0&#8243; _module_preset=&#8220;default&#8220; body_font=&#8220;||on||||||&#8220; body_font_size=&#8220;21px&#8220; body_line_height=&#8220;1.8em&#8220; author_text_align=&#8220;left&#8220; author_font_size=&#8220;18px&#8220; author_line_height=&#8220;1em&#8220; width=&#8220;83%&#8220; min_height=&#8220;199px&#8220; custom_margin=&#8220;0px||||false|false&#8220; custom_padding=&#8220;17px||17px||false|false&#8220; global_colors_info=&#8220;{}&#8220;]<\/p>\n<blockquote><\/blockquote>\n<p>&#8222;Normalerweise mag ich Bier nicht besonders, aber das hier ist wirklich sehr, sehr gut. Die Mischung mit den Trauben ist eine sehr gute Idee. Der Geschmack ist super!&#8220;<span style=\"color: #000000; font-family: Helvetica Neue; font-size: small;\"><\/span><\/p>\n<blockquote><\/blockquote>\n<p>[\/et_pb_testimonial][et_pb_testimonial author=&#8220;Antoine&#8220; _builder_version=&#8220;4.21.0&#8243; _module_preset=&#8220;default&#8220; body_font=&#8220;||on||||||&#8220; body_font_size=&#8220;21px&#8220; body_line_height=&#8220;1.8em&#8220; author_text_align=&#8220;left&#8220; author_font_size=&#8220;18px&#8220; author_line_height=&#8220;1em&#8220; width=&#8220;83%&#8220; min_height=&#8220;199px&#8220; custom_margin=&#8220;0px||||false|false&#8220; custom_padding=&#8220;17px||17px||false|false&#8220; global_colors_info=&#8220;{}&#8220;]<\/p>\n<blockquote><\/blockquote>\n<p>&#8222;Hyperfrisch, nicht zu s\u00fc\u00df und trotzdem ein guter Geschmack nach Binch&#8220;. <span style=\"color: #000000; font-family: Helvetica Neue; font-size: small;\"><\/span><\/p>\n<blockquote><\/blockquote>\n<p>[\/et_pb_testimonial][et_pb_testimonial author=&#8220;Anne&#8220; _builder_version=&#8220;4.21.0&#8243; _module_preset=&#8220;default&#8220; body_font=&#8220;||on||||||&#8220; body_font_size=&#8220;21px&#8220; body_line_height=&#8220;1.8em&#8220; author_text_align=&#8220;left&#8220; author_font_size=&#8220;18px&#8220; author_line_height=&#8220;1em&#8220; width=&#8220;83%&#8220; min_height=&#8220;199px&#8220; custom_margin=&#8220;0px||||false|false&#8220; custom_padding=&#8220;17px||17px||false|false&#8220; global_colors_info=&#8220;{}&#8220;]<\/p>\n<blockquote><\/blockquote>\n<p>&#8222;Ich liebe seine Frische und seinen sommerlichen Geschmack&#8230;k\u00f6stlich&#8220; <span style=\"color: #000000; font-family: Helvetica Neue; font-size: small;\"><\/span><\/p>\n<blockquote><\/blockquote>\n<p>[\/et_pb_testimonial][\/et_pb_column][et_pb_column type=&#8220;1_2&#8243; _builder_version=&#8220;4.21.0&#8243; _module_preset=&#8220;default&#8220; background_color=&#8220;rgba(188,188,188,0.4)&#8220; custom_padding=&#8220;44px|23px|44px|23px|true|true&#8220; border_radii=&#8220;on|14px|14px|14px|14px&#8220; global_colors_info=&#8220;{}&#8220;][et_pb_text _builder_version=&#8220;4.21.0&#8243; _module_preset=&#8220;default&#8220; header_2_font=&#8220;|700||on|||||&#8220; header_2_text_color=&#8220;#ff5701&#8243; header_2_font_size=&#8220;27px&#8220; header_2_line_height=&#8220;1.1em&#8220; global_colors_info=&#8220;{}&#8220;]<\/p>\n<h2>Kaufen La Quoi<\/h2>\n<p>[\/et_pb_text][et_pb_image src=&#8220;https:\/\/www.feuillerage.ch\/wp-content\/uploads\/2023\/06\/image_site-jpg.webp&#8220; alt=&#8220;Kaufen La Quoi&#8220; _builder_version=&#8220;4.21.0&#8243; _module_preset=&#8220;default&#8220; box_shadow_style=&#8220;preset1&#8243; box_shadow_blur=&#8220;9px&#8220; global_colors_info=&#8220;{}&#8220;][\/et_pb_image][et_pb_text _builder_version=&#8220;4.21.0&#8243; _module_preset=&#8220;default&#8220; header_2_text_color=&#8220;#ff5701&#8243; header_2_font_size=&#8220;25px&#8220; header_2_line_height=&#8220;1.1em&#8220; custom_padding=&#8220;||0px|||&#8220; global_colors_info=&#8220;{}&#8220;]<\/p>\n<h2>St\u00fcckweise, im 4er-Pack, im 6er-Pack?<\/h2>\n<p>Alles oder fast alles ist m\u00f6glich. Was verkauft sich:<\/p>\n<ul>\n<li>pro Karton mit 4 Flaschen<\/li>\n<li>pro Karton mit 6 Flaschen<\/li>\n<li>pro Kiste mit 15 Flaschen<\/li>\n<li>&#8230; oder pro St\u00fcck<\/li>\n<\/ul>\n<p>[\/et_pb_text][et_pb_wc_price product=&#8220;238900&#8243; _builder_version=&#8220;4.21.0&#8243; _module_preset=&#8220;default&#8220; body_text_color=&#8220;#ff5701&#8243; global_colors_info=&#8220;{}&#8220;][\/et_pb_wc_price][et_pb_wc_add_to_cart product=&#8220;238900&#8243; show_stock=&#8220;off&#8220; _builder_version=&#8220;4.21.0&#8243; _module_preset=&#8220;default&#8220; fields_background_color=&#8220;#ffffff&#8220; fields_custom_margin=&#8220;4px||||false|false&#8220; field_label_text_align=&#8220;center&#8220; field_label_line_height=&#8220;1em&#8220; fields_font_size=&#8220;30px&#8220; custom_button=&#8220;on&#8220; button_text_size=&#8220;27px&#8220; button_text_color=&#8220;#ffffff&#8220; button_bg_color=&#8220;#ff5701&#8243; button_border_width=&#8220;0px&#8220; button_border_radius=&#8220;47px&#8220; button_letter_spacing=&#8220;1px&#8220; button_use_icon=&#8220;off&#8220; button_custom_margin=&#8220;26px||||false|false&#8220; custom_margin=&#8220;0px||0px||false|false&#8220; custom_padding=&#8220;0px||0px||false|false&#8220; fields_font_size_tablet=&#8220;30px&#8220; fields_font_size_phone=&#8220;17px&#8220; fields_font_size_last_edited=&#8220;on|phone&#8220; button_text_size_tablet=&#8220;27px&#8220; button_text_size_phone=&#8220;19px&#8220; button_text_size_last_edited=&#8220;on|phone&#8220; button_letter_spacing_tablet=&#8220;1px&#8220; button_letter_spacing_phone=&#8220;0px&#8220; button_letter_spacing_last_edited=&#8220;on|phone&#8220; border_radii_fields=&#8220;on|20px|20px|20px|20px&#8220; box_shadow_style_button=&#8220;preset2&#8243; box_shadow_horizontal_button=&#8220;8px&#8220; global_colors_info=&#8220;{}&#8220;][\/et_pb_wc_add_to_cart][et_pb_button button_url=&#8220;https:\/\/www.feuillerage.ch\/de\/warenkorb\/&#8220; button_text=&#8220;Zum Warenkorb gehen&#8220; button_alignment=&#8220;center&#8220; _builder_version=&#8220;4.21.0&#8243; _module_preset=&#8220;default&#8220; custom_button=&#8220;on&#8220; button_text_size=&#8220;21px&#8220; button_text_color=&#8220;#FFFFFF&#8220; button_bg_color=&#8220;#999999&#8243; button_border_width=&#8220;0px&#8220; button_border_radius=&#8220;10px&#8220; button_use_icon=&#8220;off&#8220; custom_margin=&#8220;50px|||3px|false|false&#8220; custom_padding=&#8220;|70px||70px|false|true&#8220; button_text_shadow_style=&#8220;preset3&#8243; global_colors_info=&#8220;{}&#8220;][\/et_pb_button][\/et_pb_column][\/et_pb_row][\/et_pb_section][et_pb_section fb_built=&#8220;1&#8243; _builder_version=&#8220;4.21.0&#8243; _module_preset=&#8220;default&#8220; background_color=&#8220;#eaeaea&#8220; locked=&#8220;off&#8220; global_colors_info=&#8220;{}&#8220;][et_pb_row _builder_version=&#8220;4.21.0&#8243; _module_preset=&#8220;default&#8220; global_colors_info=&#8220;{}&#8220;][et_pb_column type=&#8220;4_4&#8243; _builder_version=&#8220;4.21.0&#8243; _module_preset=&#8220;default&#8220; global_colors_info=&#8220;{}&#8220;][et_pb_text module_id=&#8220;articleHistoire&#8220; _builder_version=&#8220;4.21.0&#8243; _module_preset=&#8220;default&#8220; header_2_line_height=&#8220;1.1em&#8220; header_2_font_size_tablet=&#8220;&#8220; header_2_font_size_phone=&#8220;28px&#8220; header_2_font_size_last_edited=&#8220;on|phone&#8220; global_colors_info=&#8220;{}&#8220;]<\/p>\n<h2>Wie La Quoi gro\u00df wurde<\/h2>\n<p>[\/et_pb_text][\/et_pb_column][\/et_pb_row][et_pb_row column_structure=&#8220;3_5,2_5&#8243; _builder_version=&#8220;4.21.0&#8243; _module_preset=&#8220;default&#8220; custom_padding=&#8220;23px|||||&#8220; global_colors_info=&#8220;{}&#8220;][et_pb_column type=&#8220;3_5&#8243; _builder_version=&#8220;4.21.0&#8243; _module_preset=&#8220;default&#8220; global_colors_info=&#8220;{}&#8220;][et_pb_text _builder_version=&#8220;4.21.0&#8243; _module_preset=&#8220;default&#8220; global_colors_info=&#8220;{}&#8220;]<\/p>\n<h3>Eine Idee eines Teenagers<span style=\"font-size: 27px;\"><\/span><\/h3>\n<p><span>W\u00e4hrend seiner Lehrzeit in der Deutschschweiz kam C\u00e9dric auf die Idee, die Quoi herzustellen. Sein damaliger Chef war n\u00e4mlich der Sch\u00f6pfer des <\/span><em>Tr\u00f6pfel<\/em><span>Ein Star in der Deutschschweiz Dagegen ist der Geschmack des <\/span><em>Tr\u00f6pfel<\/em><span> spricht wenig zu seinen Geschmacksnerven als Romand. Doch dieses Getr\u00e4nk l\u00e4sst in Cedrics Kopf die Idee eines <\/span><strong>neuartiger Geschmack<\/strong><span>der Geschmack von la Quoi. Eine Idee, die mehrere Jahre in einer Ecke seines Kopfes bleiben wird. Bis es zu einer Diskussion zwischen Bruder und Schwester kommt&#8230; Los, los, los!<\/span><\/p>\n<p><span style=\"font-size: 27px;\"><\/span><\/p>\n<h3><span style=\"font-size: 27px;\">Sommer 2021, fantasievolle F\u00e4sser<\/span><\/h3>\n<p>Die ersten Liter Was werden im Sommer 2021 hergestellt. Wir beschlie\u00dfen, das Jugendfest, das in diesem Jahr in Perroy stattfindet, zu nutzen, um unsere Idee zu testen. Wir stellen die erste Version des Was her, die wir in F\u00e4ssern abf\u00fcllen. Das ist billiger und erscheint uns perfekt zum Testen<span>.<\/span> Aber wir haben ein gro\u00dfes Problem: Das Getr\u00e4nk sch\u00e4umt sehr stark und ist sehr kompliziert zu zapfen. Die gute Nachricht ist jedoch, und das ist das Wichtigste, dass die ersten Menschen, die ihn trinken, ihn m\u00f6gen und ihre R\u00fcckmeldungen uns ermutigen, dieses Abenteuer fortzusetzen.<\/p>\n<h3>Fr\u00fchling 2022, Reflexionen \u00fcber Reflexionen&#8230;<\/h3>\n<p>Wir f\u00fcllen la Quoi in Flaschen ab. Auch hier gilt: Um unsere Tests kosteng\u00fcnstig fortzusetzen, entwerfen wir unser Etikett selbst. Manche lieben es, manche m\u00f6gen es nicht, aber eines ist sicher: Was sticht in keinem Lebensmittelregal hervor. Wir stellen fest, dass dies, um die Neugier einer Person zu wecken, die sie nicht kennt, eindeutig zu wenig ist. Wir m\u00fcssen ihr einen neuen Look verpassen, sie klarer positionieren und nebenbei fragen wir uns auch, ob sie nicht ihren Namen \u00e4ndern sollte&#8230; Wir fragen uns auch, wie intensiv sie in einem bereits ges\u00e4ttigten Markt gef\u00f6rdert werden muss.<\/p>\n<p>Um uns bei unseren \u00dcberlegungen zu helfen, greifen die Auszubildenden der Handelsschule in Nyon das Thema im Rahmen eines Marketingkurses auf. Die \u00dcbung best\u00e4tigt, dass nichts einfach ist, um ein neues Getr\u00e4nk auf den Markt zu bringen.<\/p>\n<p>Diese erste Staffel erm\u00f6glicht es uns auch, Feedback von Menschen zu sammeln, die die Was lieben, und wir sind gl\u00fccklich, denn es gibt viele R\u00fcckmeldungen. Wir nutzen auch die Gelegenheit, mit einigen Unternehmern und Fachleuten auf dem Gebiet zu diskutieren, z. B. mit dem <strong>Docteur Gab&#8217;s<\/strong> nat\u00fcrlich, aber auch <strong>Miss Qbeer<\/strong> und <strong>Mister Qwine<\/strong> von <strong>Qoqa<\/strong>. Bei Qoqa treffen wir \u00fcbrigens auch die Person, die die endg\u00fcltige Version des Was&#8230;<\/p>\n<p>[\/et_pb_text][et_pb_image src=&#8220;https:\/\/www.feuillerage.ch\/wp-content\/uploads\/2022\/04\/etiquette_aImprimer_corrige.jpg&#8220; alt=&#8220;Erstes Etikett des Was&#8220; title_text=&#8220;Etiquette de la Quoi&#8220; _builder_version=&#8220;4.21.0&#8243; _module_preset=&#8220;default&#8220; global_colors_info=&#8220;{}&#8220;][\/et_pb_image][\/et_pb_column][et_pb_column type=&#8220;2_5&#8243; _builder_version=&#8220;4.21.0&#8243; _module_preset=&#8220;default&#8220; global_colors_info=&#8220;{}&#8220;][et_pb_image src=&#8220;https:\/\/www.feuillerage.ch\/wp-content\/uploads\/2023\/05\/DSCF6749_reduit.jpg&#8220; alt=&#8220;Die &quot;Quoi&quot;&#8220; _builder_version=&#8220;4.21.0&#8243; _module_preset=&#8220;default&#8220; custom_margin=&#8220;||10px|||&#8220; custom_padding=&#8220;0px|||||&#8220; global_colors_info=&#8220;{}&#8220;][\/et_pb_image][et_pb_text _builder_version=&#8220;4.21.0&#8243; _module_preset=&#8220;default&#8220; global_colors_info=&#8220;{}&#8220;]<\/p>\n<p><em>Oben sehen Sie die erste Flasche von Was und unten unser Werbevideo in den sozialen Netzwerken.<\/em><\/p>\n<p>[\/et_pb_text][et_pb_video src=&#8220;https:\/\/www.feuillerage.ch\/wp-content\/uploads\/2022\/04\/5086BA5B-6881-44BB-9F41-AE9CC2C91772.mp4&#8243; _builder_version=&#8220;4.21.0&#8243; _module_preset=&#8220;default&#8220; global_colors_info=&#8220;{}&#8220;][\/et_pb_video][et_pb_image src=&#8220;https:\/\/www.feuillerage.ch\/wp-content\/uploads\/2023\/07\/CleanShot-2023-07-02-at-10.52.08@2x.png&#8220; alt=&#8220;Vorschlag von Sch\u00fclern der EPCN&#8220; title_text=&#8220;CleanShot 2023-07-02 at 10.52.08@2x&#8220; _builder_version=&#8220;4.21.0&#8243; _module_preset=&#8220;default&#8220; custom_margin=&#8220;||6px|||&#8220; global_colors_info=&#8220;{}&#8220;][\/et_pb_image][et_pb_text _builder_version=&#8220;4.21.0&#8243; _module_preset=&#8220;default&#8220; global_colors_info=&#8220;{}&#8220;]<\/p>\n<p><em>Einer der Namens- und Designvorschl\u00e4ge der EPCN-Sch\u00fclerinnen und -Sch\u00fcler<\/em><\/p>\n<p>[\/et_pb_text][\/et_pb_column][\/et_pb_row][et_pb_row column_structure=&#8220;3_5,2_5&#8243; _builder_version=&#8220;4.21.0&#8243; _module_preset=&#8220;default&#8220; global_colors_info=&#8220;{}&#8220;][et_pb_column type=&#8220;3_5&#8243; _builder_version=&#8220;4.21.0&#8243; _module_preset=&#8220;default&#8220; global_colors_info=&#8220;{}&#8220;][et_pb_text _builder_version=&#8220;4.21.0&#8243; _module_preset=&#8220;default&#8220; global_colors_info=&#8220;{}&#8220;]<\/p>\n<h3>Sommer 2023, Was wird eine gro\u00dfe Dame<\/h3>\n<p>Schluss mit den Tests und dem Selbstgemachten, die Quoi wird zur Grande Dame mit einem neuen Look, der die Bier-Trauben-Kombination und den lokalen Bezug mit der C\u00f4te vaudoise hervorhebt. Und eines ist jetzt schon sicher: Diese Dame mit dem Hopfenkopf l\u00e4sst niemanden gleichg\u00fcltig!<\/p>\n<p>&nbsp;<\/p>\n<p>[\/et_pb_text][\/et_pb_column][et_pb_column type=&#8220;2_5&#8243; _builder_version=&#8220;4.21.0&#8243; _module_preset=&#8220;default&#8220; global_colors_info=&#8220;{}&#8220;][et_pb_image src=&#8220;https:\/\/www.feuillerage.ch\/wp-content\/uploads\/2023\/06\/image_site-jpg.webp&#8220; alt=&#8220;Kaufen La Quoi&#8220; _builder_version=&#8220;4.21.0&#8243; _module_preset=&#8220;default&#8220; custom_margin=&#8220;||8px|||&#8220; global_colors_info=&#8220;{}&#8220;][\/et_pb_image][et_pb_text _builder_version=&#8220;4.21.0&#8243; _module_preset=&#8220;default&#8220; global_colors_info=&#8220;{}&#8220;]<\/p>\n<p><em>Das endg\u00fcltige Aussehen von la Quoi.<\/em><\/p>\n<p>[\/et_pb_text][\/et_pb_column][\/et_pb_row][\/et_pb_section]<\/p>\n","protected":false},"excerpt":{"rendered":"<p>Wir haben ein neues Getr\u00e4nk hergestelltLa Quoi, was ist Was? Das ist Bier von Doctor Gab&#8217;s, gemischt mit Traubensaft, der in den Weinbergen der Domaine du Feuillerage angebaut wird.Und wie sieht es aus? Ein erfrischender Durstl\u00f6scher mit geringem Alkoholgehalt (3%) und einem runden, fruchtigen Geschmack, der jedoch nicht s\u00fc\u00df ist.&#8220;Die Balance zwischen Bier und Traubensaft [&hellip;]<\/p>\n","protected":false},"author":2,"featured_media":240714,"comment_status":"closed","ping_status":"closed","sticky":false,"template":"","format":"standard","meta":{"_acf_changed":false,"_et_pb_use_builder":"on","_et_pb_old_content":"","_et_gb_content_width":"","footnotes":""},"categories":[110],"tags":[],"class_list":["post-240715","post","type-post","status-publish","format-standard","has-post-thumbnail","hentry","category-news"],"acf":[],"yoast_head":"<!-- This site is optimized with the Yoast SEO plugin v25.6 - https:\/\/yoast.com\/wordpress\/plugins\/seo\/ -->\n<title>Wir haben ein neues Getr\u00e4nk hergestellt - Feuillerage Weingut<\/title>\n<meta name=\"description\" content=\"Die Domaine du Feuillerage hat ein neues Getr\u00e4nk hergestellt, den Quoi: ein feines Gleichgewicht zwischen Bier und Traubensaft.\" \/>\n<meta name=\"robots\" content=\"index, follow, max-snippet:-1, max-image-preview:large, max-video-preview:-1\" \/>\n<link rel=\"canonical\" href=\"https:\/\/www.feuillerage.ch\/de\/2023\/07\/04\/wir-haben-ein-neues-getraenk-hergestellt\/\" \/>\n<meta property=\"og:locale\" content=\"de_DE\" \/>\n<meta property=\"og:type\" content=\"article\" \/>\n<meta property=\"og:title\" content=\"Wir haben ein neues Getr\u00e4nk hergestellt - Feuillerage Weingut\" \/>\n<meta property=\"og:description\" content=\"Die Domaine du Feuillerage hat ein neues Getr\u00e4nk hergestellt, den Quoi: ein feines Gleichgewicht zwischen Bier und Traubensaft.\" \/>\n<meta property=\"og:url\" content=\"https:\/\/www.feuillerage.ch\/de\/2023\/07\/04\/wir-haben-ein-neues-getraenk-hergestellt\/\" \/>\n<meta property=\"og:site_name\" content=\"Feuillerage Weingut\" \/>\n<meta property=\"article:publisher\" content=\"https:\/\/m.facebook.com\/feuillerage\/?ref=ts\" \/>\n<meta property=\"article:published_time\" content=\"2023-07-04T08:49:19+00:00\" \/>\n<meta property=\"article:modified_time\" content=\"2024-11-19T13:21:10+00:00\" \/>\n<meta property=\"og:image\" content=\"https:\/\/www.feuillerage.ch\/wp-content\/uploads\/2023\/07\/LaQuoi_orange6.png\" \/>\n\t<meta property=\"og:image:width\" content=\"1200\" \/>\n\t<meta property=\"og:image:height\" content=\"628\" \/>\n\t<meta property=\"og:image:type\" content=\"image\/png\" \/>\n<meta name=\"author\" content=\"admin\" \/>\n<meta name=\"twitter:card\" content=\"summary_large_image\" \/>\n<meta name=\"twitter:label1\" content=\"Verfasst von\" \/>\n\t<meta name=\"twitter:data1\" content=\"admin\" \/>\n\t<meta name=\"twitter:label2\" content=\"Gesch\u00e4tzte Lesezeit\" \/>\n\t<meta name=\"twitter:data2\" content=\"9\u00a0Minuten\" \/>\n<script type=\"application\/ld+json\" class=\"yoast-schema-graph\">{\"@context\":\"https:\/\/schema.org\",\"@graph\":[{\"@type\":\"Article\",\"@id\":\"https:\/\/www.feuillerage.ch\/de\/2023\/07\/04\/wir-haben-ein-neues-getraenk-hergestellt\/#article\",\"isPartOf\":{\"@id\":\"https:\/\/www.feuillerage.ch\/de\/2023\/07\/04\/wir-haben-ein-neues-getraenk-hergestellt\/\"},\"author\":{\"name\":\"admin\",\"@id\":\"https:\/\/www.feuillerage.ch\/de\/#\/schema\/person\/ea6513eb1ec0ef8ebc6e4c6fc1c91433\"},\"headline\":\"Wir haben ein neues Getr\u00e4nk hergestellt\",\"datePublished\":\"2023-07-04T08:49:19+00:00\",\"dateModified\":\"2024-11-19T13:21:10+00:00\",\"mainEntityOfPage\":{\"@id\":\"https:\/\/www.feuillerage.ch\/de\/2023\/07\/04\/wir-haben-ein-neues-getraenk-hergestellt\/\"},\"wordCount\":1893,\"publisher\":{\"@id\":\"https:\/\/www.feuillerage.ch\/de\/#organization\"},\"image\":{\"@id\":\"https:\/\/www.feuillerage.ch\/de\/2023\/07\/04\/wir-haben-ein-neues-getraenk-hergestellt\/#primaryimage\"},\"thumbnailUrl\":\"https:\/\/www.feuillerage.ch\/wp-content\/uploads\/2023\/07\/LaQuoi_orange6.png\",\"articleSection\":[\"News\"],\"inLanguage\":\"de\"},{\"@type\":\"WebPage\",\"@id\":\"https:\/\/www.feuillerage.ch\/de\/2023\/07\/04\/wir-haben-ein-neues-getraenk-hergestellt\/\",\"url\":\"https:\/\/www.feuillerage.ch\/de\/2023\/07\/04\/wir-haben-ein-neues-getraenk-hergestellt\/\",\"name\":\"Wir haben ein neues Getr\u00e4nk hergestellt - Feuillerage Weingut\",\"isPartOf\":{\"@id\":\"https:\/\/www.feuillerage.ch\/de\/#website\"},\"primaryImageOfPage\":{\"@id\":\"https:\/\/www.feuillerage.ch\/de\/2023\/07\/04\/wir-haben-ein-neues-getraenk-hergestellt\/#primaryimage\"},\"image\":{\"@id\":\"https:\/\/www.feuillerage.ch\/de\/2023\/07\/04\/wir-haben-ein-neues-getraenk-hergestellt\/#primaryimage\"},\"thumbnailUrl\":\"https:\/\/www.feuillerage.ch\/wp-content\/uploads\/2023\/07\/LaQuoi_orange6.png\",\"datePublished\":\"2023-07-04T08:49:19+00:00\",\"dateModified\":\"2024-11-19T13:21:10+00:00\",\"description\":\"Die Domaine du Feuillerage hat ein neues Getr\u00e4nk hergestellt, den Quoi: ein feines Gleichgewicht zwischen Bier und Traubensaft.\",\"breadcrumb\":{\"@id\":\"https:\/\/www.feuillerage.ch\/de\/2023\/07\/04\/wir-haben-ein-neues-getraenk-hergestellt\/#breadcrumb\"},\"inLanguage\":\"de\",\"potentialAction\":[{\"@type\":\"ReadAction\",\"target\":[\"https:\/\/www.feuillerage.ch\/de\/2023\/07\/04\/wir-haben-ein-neues-getraenk-hergestellt\/\"]}]},{\"@type\":\"ImageObject\",\"inLanguage\":\"de\",\"@id\":\"https:\/\/www.feuillerage.ch\/de\/2023\/07\/04\/wir-haben-ein-neues-getraenk-hergestellt\/#primaryimage\",\"url\":\"https:\/\/www.feuillerage.ch\/wp-content\/uploads\/2023\/07\/LaQuoi_orange6.png\",\"contentUrl\":\"https:\/\/www.feuillerage.ch\/wp-content\/uploads\/2023\/07\/LaQuoi_orange6.png\",\"width\":1200,\"height\":628,\"caption\":\"logo la Quoi\"},{\"@type\":\"BreadcrumbList\",\"@id\":\"https:\/\/www.feuillerage.ch\/de\/2023\/07\/04\/wir-haben-ein-neues-getraenk-hergestellt\/#breadcrumb\",\"itemListElement\":[{\"@type\":\"ListItem\",\"position\":1,\"name\":\"Accueil\",\"item\":\"https:\/\/www.feuillerage.ch\/de\/\"},{\"@type\":\"ListItem\",\"position\":2,\"name\":\"Wir haben ein neues Getr\u00e4nk hergestellt\"}]},{\"@type\":\"WebSite\",\"@id\":\"https:\/\/www.feuillerage.ch\/de\/#website\",\"url\":\"https:\/\/www.feuillerage.ch\/de\/\",\"name\":\"Feuillerage Weingut\",\"description\":\"Vignerons sur la C\u00f4te vaudoise\",\"publisher\":{\"@id\":\"https:\/\/www.feuillerage.ch\/de\/#organization\"},\"potentialAction\":[{\"@type\":\"SearchAction\",\"target\":{\"@type\":\"EntryPoint\",\"urlTemplate\":\"https:\/\/www.feuillerage.ch\/de\/?s={search_term_string}\"},\"query-input\":{\"@type\":\"PropertyValueSpecification\",\"valueRequired\":true,\"valueName\":\"search_term_string\"}}],\"inLanguage\":\"de\"},{\"@type\":\"Organization\",\"@id\":\"https:\/\/www.feuillerage.ch\/de\/#organization\",\"name\":\"Domaine du Feuillerage\",\"url\":\"https:\/\/www.feuillerage.ch\/de\/\",\"logo\":{\"@type\":\"ImageObject\",\"inLanguage\":\"de\",\"@id\":\"https:\/\/www.feuillerage.ch\/de\/#\/schema\/logo\/image\/\",\"url\":\"https:\/\/www.feuillerage.ch\/wp-content\/uploads\/2019\/01\/Logo-encore-petit.png\",\"contentUrl\":\"https:\/\/www.feuillerage.ch\/wp-content\/uploads\/2019\/01\/Logo-encore-petit.png\",\"width\":2880,\"height\":1824,\"caption\":\"Domaine du Feuillerage\"},\"image\":{\"@id\":\"https:\/\/www.feuillerage.ch\/de\/#\/schema\/logo\/image\/\"},\"sameAs\":[\"https:\/\/m.facebook.com\/feuillerage\/?ref=ts\"]},{\"@type\":\"Person\",\"@id\":\"https:\/\/www.feuillerage.ch\/de\/#\/schema\/person\/ea6513eb1ec0ef8ebc6e4c6fc1c91433\",\"name\":\"admin\",\"image\":{\"@type\":\"ImageObject\",\"inLanguage\":\"de\",\"@id\":\"https:\/\/www.feuillerage.ch\/de\/#\/schema\/person\/image\/\",\"url\":\"https:\/\/secure.gravatar.com\/avatar\/1b25fb1f5c27eaab086948d20e2fe5e5?s=96&d=mm&r=g\",\"contentUrl\":\"https:\/\/secure.gravatar.com\/avatar\/1b25fb1f5c27eaab086948d20e2fe5e5?s=96&d=mm&r=g\",\"caption\":\"admin\"}}]}<\/script>\n<!-- \/ Yoast SEO plugin. -->","yoast_head_json":{"title":"Wir haben ein neues Getr\u00e4nk hergestellt - Feuillerage Weingut","description":"Die Domaine du Feuillerage hat ein neues Getr\u00e4nk hergestellt, den Quoi: ein feines Gleichgewicht zwischen Bier und Traubensaft.","robots":{"index":"index","follow":"follow","max-snippet":"max-snippet:-1","max-image-preview":"max-image-preview:large","max-video-preview":"max-video-preview:-1"},"canonical":"https:\/\/www.feuillerage.ch\/de\/2023\/07\/04\/wir-haben-ein-neues-getraenk-hergestellt\/","og_locale":"de_DE","og_type":"article","og_title":"Wir haben ein neues Getr\u00e4nk hergestellt - Feuillerage Weingut","og_description":"Die Domaine du Feuillerage hat ein neues Getr\u00e4nk hergestellt, den Quoi: ein feines Gleichgewicht zwischen Bier und Traubensaft.","og_url":"https:\/\/www.feuillerage.ch\/de\/2023\/07\/04\/wir-haben-ein-neues-getraenk-hergestellt\/","og_site_name":"Feuillerage Weingut","article_publisher":"https:\/\/m.facebook.com\/feuillerage\/?ref=ts","article_published_time":"2023-07-04T08:49:19+00:00","article_modified_time":"2024-11-19T13:21:10+00:00","og_image":[{"width":1200,"height":628,"url":"https:\/\/www.feuillerage.ch\/wp-content\/uploads\/2023\/07\/LaQuoi_orange6.png","type":"image\/png"}],"author":"admin","twitter_card":"summary_large_image","twitter_misc":{"Verfasst von":"admin","Gesch\u00e4tzte Lesezeit":"9\u00a0Minuten"},"schema":{"@context":"https:\/\/schema.org","@graph":[{"@type":"Article","@id":"https:\/\/www.feuillerage.ch\/de\/2023\/07\/04\/wir-haben-ein-neues-getraenk-hergestellt\/#article","isPartOf":{"@id":"https:\/\/www.feuillerage.ch\/de\/2023\/07\/04\/wir-haben-ein-neues-getraenk-hergestellt\/"},"author":{"name":"admin","@id":"https:\/\/www.feuillerage.ch\/de\/#\/schema\/person\/ea6513eb1ec0ef8ebc6e4c6fc1c91433"},"headline":"Wir haben ein neues Getr\u00e4nk hergestellt","datePublished":"2023-07-04T08:49:19+00:00","dateModified":"2024-11-19T13:21:10+00:00","mainEntityOfPage":{"@id":"https:\/\/www.feuillerage.ch\/de\/2023\/07\/04\/wir-haben-ein-neues-getraenk-hergestellt\/"},"wordCount":1893,"publisher":{"@id":"https:\/\/www.feuillerage.ch\/de\/#organization"},"image":{"@id":"https:\/\/www.feuillerage.ch\/de\/2023\/07\/04\/wir-haben-ein-neues-getraenk-hergestellt\/#primaryimage"},"thumbnailUrl":"https:\/\/www.feuillerage.ch\/wp-content\/uploads\/2023\/07\/LaQuoi_orange6.png","articleSection":["News"],"inLanguage":"de"},{"@type":"WebPage","@id":"https:\/\/www.feuillerage.ch\/de\/2023\/07\/04\/wir-haben-ein-neues-getraenk-hergestellt\/","url":"https:\/\/www.feuillerage.ch\/de\/2023\/07\/04\/wir-haben-ein-neues-getraenk-hergestellt\/","name":"Wir haben ein neues Getr\u00e4nk hergestellt - Feuillerage Weingut","isPartOf":{"@id":"https:\/\/www.feuillerage.ch\/de\/#website"},"primaryImageOfPage":{"@id":"https:\/\/www.feuillerage.ch\/de\/2023\/07\/04\/wir-haben-ein-neues-getraenk-hergestellt\/#primaryimage"},"image":{"@id":"https:\/\/www.feuillerage.ch\/de\/2023\/07\/04\/wir-haben-ein-neues-getraenk-hergestellt\/#primaryimage"},"thumbnailUrl":"https:\/\/www.feuillerage.ch\/wp-content\/uploads\/2023\/07\/LaQuoi_orange6.png","datePublished":"2023-07-04T08:49:19+00:00","dateModified":"2024-11-19T13:21:10+00:00","description":"Die Domaine du Feuillerage hat ein neues Getr\u00e4nk hergestellt, den Quoi: ein feines Gleichgewicht zwischen Bier und Traubensaft.","breadcrumb":{"@id":"https:\/\/www.feuillerage.ch\/de\/2023\/07\/04\/wir-haben-ein-neues-getraenk-hergestellt\/#breadcrumb"},"inLanguage":"de","potentialAction":[{"@type":"ReadAction","target":["https:\/\/www.feuillerage.ch\/de\/2023\/07\/04\/wir-haben-ein-neues-getraenk-hergestellt\/"]}]},{"@type":"ImageObject","inLanguage":"de","@id":"https:\/\/www.feuillerage.ch\/de\/2023\/07\/04\/wir-haben-ein-neues-getraenk-hergestellt\/#primaryimage","url":"https:\/\/www.feuillerage.ch\/wp-content\/uploads\/2023\/07\/LaQuoi_orange6.png","contentUrl":"https:\/\/www.feuillerage.ch\/wp-content\/uploads\/2023\/07\/LaQuoi_orange6.png","width":1200,"height":628,"caption":"logo la Quoi"},{"@type":"BreadcrumbList","@id":"https:\/\/www.feuillerage.ch\/de\/2023\/07\/04\/wir-haben-ein-neues-getraenk-hergestellt\/#breadcrumb","itemListElement":[{"@type":"ListItem","position":1,"name":"Accueil","item":"https:\/\/www.feuillerage.ch\/de\/"},{"@type":"ListItem","position":2,"name":"Wir haben ein neues Getr\u00e4nk hergestellt"}]},{"@type":"WebSite","@id":"https:\/\/www.feuillerage.ch\/de\/#website","url":"https:\/\/www.feuillerage.ch\/de\/","name":"Feuillerage Weingut","description":"Vignerons sur la C\u00f4te vaudoise","publisher":{"@id":"https:\/\/www.feuillerage.ch\/de\/#organization"},"potentialAction":[{"@type":"SearchAction","target":{"@type":"EntryPoint","urlTemplate":"https:\/\/www.feuillerage.ch\/de\/?s={search_term_string}"},"query-input":{"@type":"PropertyValueSpecification","valueRequired":true,"valueName":"search_term_string"}}],"inLanguage":"de"},{"@type":"Organization","@id":"https:\/\/www.feuillerage.ch\/de\/#organization","name":"Domaine du Feuillerage","url":"https:\/\/www.feuillerage.ch\/de\/","logo":{"@type":"ImageObject","inLanguage":"de","@id":"https:\/\/www.feuillerage.ch\/de\/#\/schema\/logo\/image\/","url":"https:\/\/www.feuillerage.ch\/wp-content\/uploads\/2019\/01\/Logo-encore-petit.png","contentUrl":"https:\/\/www.feuillerage.ch\/wp-content\/uploads\/2019\/01\/Logo-encore-petit.png","width":2880,"height":1824,"caption":"Domaine du Feuillerage"},"image":{"@id":"https:\/\/www.feuillerage.ch\/de\/#\/schema\/logo\/image\/"},"sameAs":["https:\/\/m.facebook.com\/feuillerage\/?ref=ts"]},{"@type":"Person","@id":"https:\/\/www.feuillerage.ch\/de\/#\/schema\/person\/ea6513eb1ec0ef8ebc6e4c6fc1c91433","name":"admin","image":{"@type":"ImageObject","inLanguage":"de","@id":"https:\/\/www.feuillerage.ch\/de\/#\/schema\/person\/image\/","url":"https:\/\/secure.gravatar.com\/avatar\/1b25fb1f5c27eaab086948d20e2fe5e5?s=96&d=mm&r=g","contentUrl":"https:\/\/secure.gravatar.com\/avatar\/1b25fb1f5c27eaab086948d20e2fe5e5?s=96&d=mm&r=g","caption":"admin"}}]}},"_links":{"self":[{"href":"https:\/\/www.feuillerage.ch\/de\/wp-json\/wp\/v2\/posts\/240715"}],"collection":[{"href":"https:\/\/www.feuillerage.ch\/de\/wp-json\/wp\/v2\/posts"}],"about":[{"href":"https:\/\/www.feuillerage.ch\/de\/wp-json\/wp\/v2\/types\/post"}],"author":[{"embeddable":true,"href":"https:\/\/www.feuillerage.ch\/de\/wp-json\/wp\/v2\/users\/2"}],"replies":[{"embeddable":true,"href":"https:\/\/www.feuillerage.ch\/de\/wp-json\/wp\/v2\/comments?post=240715"}],"version-history":[{"count":18,"href":"https:\/\/www.feuillerage.ch\/de\/wp-json\/wp\/v2\/posts\/240715\/revisions"}],"predecessor-version":[{"id":240980,"href":"https:\/\/www.feuillerage.ch\/de\/wp-json\/wp\/v2\/posts\/240715\/revisions\/240980"}],"wp:featuredmedia":[{"embeddable":true,"href":"https:\/\/www.feuillerage.ch\/de\/wp-json\/wp\/v2\/media\/240714"}],"wp:attachment":[{"href":"https:\/\/www.feuillerage.ch\/de\/wp-json\/wp\/v2\/media?parent=240715"}],"wp:term":[{"taxonomy":"category","embeddable":true,"href":"https:\/\/www.feuillerage.ch\/de\/wp-json\/wp\/v2\/categories?post=240715"},{"taxonomy":"post_tag","embeddable":true,"href":"https:\/\/www.feuillerage.ch\/de\/wp-json\/wp\/v2\/tags?post=240715"}],"curies":[{"name":"wp","href":"https:\/\/api.w.org\/{rel}","templated":true}]}}